{"id":4507,"date":"2017-11-28T15:10:30","date_gmt":"2017-11-28T14:10:30","guid":{"rendered":"https:\/\/www.spat.fr\/?p=4507"},"modified":"2023-12-02T00:08:55","modified_gmt":"2023-12-01T23:08:55","slug":"prestataire-technique-sur-nouvelle-vie-pro","status":"publish","type":"post","link":"https:\/\/www.spat.fr\/en\/prestataire-technique-sur-nouvelle-vie-pro\/","title":{"rendered":"La SPAT Prestataire technique sur Nouvelle Vie Pro"},"content":{"rendered":"<p class=\"p1\" style=\"text-align: justify;\"><img loading=\"lazy\" decoding=\"async\" class=\"alignleft\" src=\"https:\/\/www.spat.fr\/wp-content\/uploads\/2017\/11\/NouvelleViePro-2017-SPAT-5.jpg\" width=\"499\" height=\"375\" \/><\/p>\n<p class=\"p1\" style=\"text-align: justify;\">Le Groupe AEF nous a renouvel\u00e9 sa confiance en tant que prestataire technique sur Nouvelle Vie Pro au Paris Event Center !<\/p>\n<p class=\"p1\" style=\"text-align: justify;\">#r\u00e9gietechnique #r\u00e9gielogistique #salons #congr\u00e8s #event #\u00e9v\u00e9nementiel #exposants #plateformeweb #prestataire #SPAT #groupespat #anticipation #accompagnement #optimisation #coordination #organisercestunmetier #tradeshow #congress #pao #signal\u00e9tique #stand #mobilier #gestion #inscription #regieg\u00e9n\u00e9rale<\/p>\n<p><img loading=\"lazy\" decoding=\"async\" src=\"https:\/\/www.spat.fr\/wp-content\/uploads\/2017\/11\/NouvelleViePro-2017-SPAT-4.jpg\" alt=\"\" width=\"180\" height=\"135\" \/>\u00a0<img loading=\"lazy\" decoding=\"async\" class=\"\" src=\"https:\/\/www.spat.fr\/wp-content\/uploads\/2017\/11\/NouvelleViePro-2017-SPAT-1.jpg\" alt=\"\" width=\"225\" height=\"137\" \/>\u00a0<img loading=\"lazy\" decoding=\"async\" class=\"\" src=\"https:\/\/www.spat.fr\/wp-content\/uploads\/2017\/11\/NouvelleViePro-2017-SPAT-2.jpg\" alt=\"\" width=\"138\" height=\"189\" \/><\/p>","protected":false},"excerpt":{"rendered":"<p>Le Groupe AEF nous a renouvel\u00e9 sa confiance en tant que prestataire technique sur Nouvelle Vie Pro au Paris Event Center ! #r\u00e9gietechnique #r\u00e9gielogistique #salons #congr\u00e8s #event #\u00e9v\u00e9nementiel #exposants #plateformeweb #prestataire #SPAT #groupespat #anticipation #accompagnement #optimisation #coordination #organisercestunmetier #tradeshow #congress #pao #signal\u00e9tique #stand #mobilier #gestion #inscription #regieg\u00e9n\u00e9rale \u00a0\u00a0<\/p>","protected":false},"author":2,"featured_media":4511,"comment_status":"closed","ping_status":"closed","sticky":false,"template":"","format":"standard","meta":{"_acf_changed":false,"footnotes":""},"categories":[8],"tags":[11,12,13,14,15,16],"class_list":["post-4507","post","type-post","status-publish","format-standard","has-post-thumbnail","hentry","category-acutalites","tag-groupespat","tag-nouvelle-vie-pro","tag-regie-technique","tag-salon","tag-spat","tag-tradeshow"],"acf":[],"aioseo_notices":[],"_links":{"self":[{"href":"https:\/\/www.spat.fr\/en\/wp-json\/wp\/v2\/posts\/4507","targetHints":{"allow":["GET"]}}],"collection":[{"href":"https:\/\/www.spat.fr\/en\/wp-json\/wp\/v2\/posts"}],"about":[{"href":"https:\/\/www.spat.fr\/en\/wp-json\/wp\/v2\/types\/post"}],"author":[{"embeddable":true,"href":"https:\/\/www.spat.fr\/en\/wp-json\/wp\/v2\/users\/2"}],"replies":[{"embeddable":true,"href":"https:\/\/www.spat.fr\/en\/wp-json\/wp\/v2\/comments?post=4507"}],"version-history":[{"count":1,"href":"https:\/\/www.spat.fr\/en\/wp-json\/wp\/v2\/posts\/4507\/revisions"}],"predecessor-version":[{"id":7001,"href":"https:\/\/www.spat.fr\/en\/wp-json\/wp\/v2\/posts\/4507\/revisions\/7001"}],"wp:featuredmedia":[{"embeddable":true,"href":"https:\/\/www.spat.fr\/en\/wp-json\/"}],"wp:attachment":[{"href":"https:\/\/www.spat.fr\/en\/wp-json\/wp\/v2\/media?parent=4507"}],"wp:term":[{"taxonomy":"category","embeddable":true,"href":"https:\/\/www.spat.fr\/en\/wp-json\/wp\/v2\/categories?post=4507"},{"taxonomy":"post_tag","embeddable":true,"href":"https:\/\/www.spat.fr\/en\/wp-json\/wp\/v2\/tags?post=4507"}],"curies":[{"name":"wp","href":"https:\/\/api.w.org\/{rel}","templated":true}]}}