{"id":4651,"date":"2017-12-21T16:00:05","date_gmt":"2017-12-21T15:00:05","guid":{"rendered":"https:\/\/www.spat.fr\/?p=4651"},"modified":"2023-12-02T00:09:13","modified_gmt":"2023-12-01T23:09:13","slug":"4651-2","status":"publish","type":"post","link":"https:\/\/www.spat.fr\/en\/4651-2\/","title":{"rendered":"La Spat au service des exposants sur le Nautic 2017"},"content":{"rendered":"<p><img loading=\"lazy\" decoding=\"async\" class=\"alignleft\" src=\"https:\/\/www.spat.fr\/wp-content\/uploads\/2017\/12\/IMG_4169.jpg\" alt=\"\" width=\"544\" height=\"415\" \/><\/p>\n<p class=\"p1\">On parle de nous dans le magazine sp\u00e9cialis\u00e9 BoatIndustry\u00a0<span class=\"s1\">?<\/span><\/p>\n<p class=\"p1\">\u00a0\u00bb Lorsqu&rsquo;on les interroge sur la pr\u00e9paration du salon, les exposants se f\u00e9licitent g\u00e9n\u00e9ralement d&rsquo;une bonne qualit\u00e9 d&rsquo;accompagnement dans la pr\u00e9paration des stands. Avoir un interlocuteur unique et identifi\u00e9 au sein de la Spat, sans multiplier les personnes et les factures, c&rsquo;\u00e9tait pratique\u00a0\u00bb, explique Luc Jo\u00ebssel de la voilerie North Sails \u00ab\u00a0<\/p>\n<p class=\"p1\"><a href=\"https:\/\/www.boatindustry.com\/article\/27175\/nautic-2017-un-1er-bilan-a-chaud-salon-parisien-de-plaisance\">https:\/\/www.boatindustry.com\/article\/27175\/nautic-2017-un-1er-bilan-a-chaud-salon-parisien-de-plaisance<\/a><\/p>\n<p class=\"p1\">Une semaine apr\u00e8s le Nautic 2017, le temps est au bilan. La Spat au service des exposants pour la premi\u00e8re fois est fi\u00e8re d&rsquo;avoir participer \u00e0 ce beau projet qu&rsquo;est le salon du Nautic. L&rsquo;anticipation et l&rsquo;organisation de nos \u00e9quipes et des prestataires a permis un rendu optimal, et une semaine d&rsquo;exploitation r\u00e9ussie.<\/p>\n<p class=\"p1\">Pour cela, merci \u00e0 tous : aux organisateurs, aux prestataires, aux r\u00e9gisseurs, aux exposants et \u00e0 tout ceux qui ont particip\u00e9 \u00e0 ce beau projet.<\/p>\n<p class=\"p1\">On se revoit l&rsquo;ann\u00e9e prochaine <span class=\"s1\">?\u200d?\u200d<\/span> !<\/p>\n<p>&nbsp;<\/p>\n<p><img loading=\"lazy\" decoding=\"async\" src=\"https:\/\/www.spat.fr\/wp-content\/uploads\/2017\/12\/IMG_4019.jpg\" width=\"300\" height=\"225\" \/>\u00a0<img loading=\"lazy\" decoding=\"async\" src=\"https:\/\/www.spat.fr\/wp-content\/uploads\/2017\/12\/IMG_3968.jpg\" alt=\"\" width=\"300\" height=\"225\" \/>\u00a0<img loading=\"lazy\" decoding=\"async\" class=\"\" src=\"https:\/\/www.spat.fr\/wp-content\/uploads\/2017\/12\/IMG_3956-e1513867926384.jpg\" alt=\"\" width=\"169\" height=\"226\" \/>\u00a0<img loading=\"lazy\" decoding=\"async\" src=\"https:\/\/www.spat.fr\/wp-content\/uploads\/2017\/12\/IMG_4252.jpg\" alt=\"\" width=\"300\" height=\"225\" \/>\u00a0<img loading=\"lazy\" decoding=\"async\" src=\"https:\/\/www.spat.fr\/wp-content\/uploads\/2017\/12\/IMG_4152.jpg\" alt=\"\" width=\"300\" height=\"225\" \/>\u00a0<img loading=\"lazy\" decoding=\"async\" class=\"\" src=\"https:\/\/www.spat.fr\/wp-content\/uploads\/2017\/12\/IMG_4183.jpg\" alt=\"\" width=\"435\" height=\"225\" \/>\u00a0<img loading=\"lazy\" decoding=\"async\" src=\"https:\/\/www.spat.fr\/wp-content\/uploads\/2017\/12\/IMG_4017.jpg\" alt=\"\" width=\"300\" height=\"225\" \/><\/p>\n<p>&nbsp;<\/p>","protected":false},"excerpt":{"rendered":"<p>On parle de nous dans le magazine sp\u00e9cialis\u00e9 BoatIndustry\u00a0? \u00a0\u00bb Lorsqu&rsquo;on les interroge sur la pr\u00e9paration du salon, les exposants se f\u00e9licitent g\u00e9n\u00e9ralement d&rsquo;une bonne qualit\u00e9 d&rsquo;accompagnement dans la pr\u00e9paration des stands. Avoir un interlocuteur unique et identifi\u00e9 au sein de la Spat, sans multiplier les personnes et les factures, c&rsquo;\u00e9tait pratique\u00a0\u00bb, explique Luc Jo\u00ebssel [&hellip;]<\/p>\n","protected":false},"author":2,"featured_media":4652,"comment_status":"closed","ping_status":"closed","sticky":false,"template":"","format":"standard","meta":{"_acf_changed":false,"footnotes":""},"categories":[8],"tags":[],"class_list":["post-4651","post","type-post","status-publish","format-standard","has-post-thumbnail","hentry","category-acutalites"],"acf":[],"aioseo_notices":[],"aioseo_head":"\n\t\t<!-- All in One SEO 5.0.1.1 - aioseo.com -->\n\t<meta name=\"description\" content=\"On parle de nous dans le magazine sp\u00e9cialis\u00e9 BoatIndustry ? &quot; Lorsqu&#039;on les interroge sur la pr\u00e9paration du salon, les exposants se f\u00e9licitent g\u00e9n\u00e9ralement d&#039;une bonne qualit\u00e9 d&#039;accompagnement dans la pr\u00e9paration des stands. Avoir un interlocuteur unique et identifi\u00e9 au sein de la Spat, sans multiplier les personnes et les factures, c&#039;\u00e9tait pratique&quot;, explique Luc Jo\u00ebssel\" \/>\n\t<meta name=\"robots\" content=\"max-image-preview:large\" \/>\n\t<meta name=\"author\" content=\"No\u00ebl Castagnier\"\/>\n\t<link rel=\"canonical\" href=\"https:\/\/www.spat.fr\/en\/4651-2\/\" \/>\n\t<meta name=\"generator\" content=\"All in One SEO (AIOSEO) 5.0.1.1\" \/>\n\t\t<meta property=\"og:locale\" content=\"en_GB\" \/>\n\t\t<meta property=\"og:site_name\" content=\"Groupe Spat - Ensemble, la r\u00e9ussite de votre \u00e9v\u00e9nement\" \/>\n\t\t<meta property=\"og:type\" content=\"article\" \/>\n\t\t<meta property=\"og:title\" content=\"La Spat au service des exposants sur le Nautic 2017 - Groupe Spat\" \/>\n\t\t<meta property=\"og:description\" content=\"On parle de nous dans le magazine sp\u00e9cialis\u00e9 BoatIndustry ? &quot; Lorsqu&#039;on les interroge sur la pr\u00e9paration du salon, les exposants se f\u00e9licitent g\u00e9n\u00e9ralement d&#039;une bonne qualit\u00e9 d&#039;accompagnement dans la pr\u00e9paration des stands. Avoir un interlocuteur unique et identifi\u00e9 au sein de la Spat, sans multiplier les personnes et les factures, c&#039;\u00e9tait pratique&quot;, explique Luc Jo\u00ebssel\" \/>\n\t\t<meta property=\"og:url\" content=\"https:\/\/www.spat.fr\/en\/4651-2\/\" \/>\n\t\t<meta property=\"og:image\" content=\"https:\/\/www.spat.fr\/wp-content\/uploads\/2023\/11\/Logo-SPAT.svg\" \/>\n\t\t<meta property=\"og:image:secure_url\" content=\"https:\/\/www.spat.fr\/wp-content\/uploads\/2023\/11\/Logo-SPAT.svg\" \/>\n\t\t<meta property=\"article:published_time\" content=\"2017-12-21T15:00:05+00:00\" \/>\n\t\t<meta property=\"article:modified_time\" content=\"2023-12-01T23:09:13+00:00\" \/>\n\t\t<meta name=\"twitter:card\" content=\"summary_large_image\" \/>\n\t\t<meta name=\"twitter:title\" content=\"La Spat au service des exposants sur le Nautic 2017 - Groupe Spat\" \/>\n\t\t<meta name=\"twitter:description\" content=\"On parle de nous dans le magazine sp\u00e9cialis\u00e9 BoatIndustry ? &quot; Lorsqu&#039;on les interroge sur la pr\u00e9paration du salon, les exposants se f\u00e9licitent g\u00e9n\u00e9ralement d&#039;une bonne qualit\u00e9 d&#039;accompagnement dans la pr\u00e9paration des stands. Avoir un interlocuteur unique et identifi\u00e9 au sein de la Spat, sans multiplier les personnes et les factures, c&#039;\u00e9tait pratique&quot;, explique Luc Jo\u00ebssel\" \/>\n\t\t<meta name=\"twitter:image\" content=\"https:\/\/www.spat.fr\/wp-content\/uploads\/2023\/11\/Logo-SPAT.svg\" \/>\n\t\t<script type=\"application\/ld+json\" class=\"aioseo-schema\">\n\t\t\t{\"@context\":\"https:\\\/\\\/schema.org\",\"@graph\":[{\"@type\":\"BlogPosting\",\"@id\":\"https:\\\/\\\/www.spat.fr\\\/en\\\/4651-2\\\/#blogposting\",\"name\":\"La Spat au service des exposants sur le Nautic 2017 - Groupe Spat\",\"headline\":\"La Spat au service des exposants sur le Nautic 2017\",\"author\":{\"@id\":\"https:\\\/\\\/www.spat.fr\\\/en\\\/author\\\/paospat-fr\\\/#author\"},\"publisher\":{\"@id\":\"https:\\\/\\\/www.spat.fr\\\/en\\\/#organization\"},\"image\":{\"@type\":\"ImageObject\",\"url\":4652},\"datePublished\":\"2017-12-21T16:00:05+01:00\",\"dateModified\":\"2023-12-02T00:09:13+01:00\",\"inLanguage\":\"en-GB\",\"mainEntityOfPage\":{\"@id\":\"https:\\\/\\\/www.spat.fr\\\/en\\\/4651-2\\\/#webpage\"},\"isPartOf\":{\"@id\":\"https:\\\/\\\/www.spat.fr\\\/en\\\/4651-2\\\/#webpage\"},\"articleSection\":\"Actualit\\u00e9s\"},{\"@type\":\"BreadcrumbList\",\"@id\":\"https:\\\/\\\/www.spat.fr\\\/en\\\/4651-2\\\/#breadcrumblist\",\"itemListElement\":[{\"@type\":\"ListItem\",\"@id\":\"https:\\\/\\\/www.spat.fr\\\/en#listItem\",\"position\":1,\"name\":\"Domicile\",\"item\":\"https:\\\/\\\/www.spat.fr\\\/en\",\"nextItem\":{\"@type\":\"ListItem\",\"@id\":\"https:\\\/\\\/www.spat.fr\\\/en\\\/category\\\/acutalites\\\/#listItem\",\"name\":\"Actualit\\u00e9s\"}},{\"@type\":\"ListItem\",\"@id\":\"https:\\\/\\\/www.spat.fr\\\/en\\\/category\\\/acutalites\\\/#listItem\",\"position\":2,\"name\":\"Actualit\\u00e9s\",\"item\":\"https:\\\/\\\/www.spat.fr\\\/en\\\/category\\\/acutalites\\\/\",\"nextItem\":{\"@type\":\"ListItem\",\"@id\":\"https:\\\/\\\/www.spat.fr\\\/en\\\/4651-2\\\/#listItem\",\"name\":\"La Spat au service des exposants sur le Nautic 2017\"},\"previousItem\":{\"@type\":\"ListItem\",\"@id\":\"https:\\\/\\\/www.spat.fr\\\/en#listItem\",\"name\":\"Domicile\"}},{\"@type\":\"ListItem\",\"@id\":\"https:\\\/\\\/www.spat.fr\\\/en\\\/4651-2\\\/#listItem\",\"position\":3,\"name\":\"La Spat au service des exposants sur le Nautic 2017\",\"previousItem\":{\"@type\":\"ListItem\",\"@id\":\"https:\\\/\\\/www.spat.fr\\\/en\\\/category\\\/acutalites\\\/#listItem\",\"name\":\"Actualit\\u00e9s\"}}]},{\"@type\":\"Organization\",\"@id\":\"https:\\\/\\\/www.spat.fr\\\/en\\\/#organization\",\"name\":\"Groupe Spat\",\"description\":\"Ensemble, la r\\u00e9ussite de votre \\u00e9v\\u00e9nement\",\"url\":\"https:\\\/\\\/www.spat.fr\\\/en\\\/\",\"telephone\":\"+33144262626\",\"logo\":{\"@type\":\"ImageObject\",\"url\":\"https:\\\/\\\/www.spat.fr\\\/wp-content\\\/uploads\\\/2023\\\/10\\\/Logo-SPAT-ORGA.svg\",\"@id\":\"https:\\\/\\\/www.spat.fr\\\/en\\\/4651-2\\\/#organizationLogo\",\"caption\":\"Logo Spat organisation de salon et congr\\u00e8s\"},\"image\":{\"@id\":\"https:\\\/\\\/www.spat.fr\\\/en\\\/4651-2\\\/#organizationLogo\"},\"sameAs\":[\"https:\\\/\\\/fr.linkedin.com\\\/company\\\/groupe-spat\"]},{\"@type\":\"Person\",\"@id\":\"https:\\\/\\\/www.spat.fr\\\/en\\\/author\\\/paospat-fr\\\/#author\",\"url\":\"https:\\\/\\\/www.spat.fr\\\/en\\\/author\\\/paospat-fr\\\/\",\"name\":\"No\\u00ebl Castagnier\"},{\"@type\":\"WebPage\",\"@id\":\"https:\\\/\\\/www.spat.fr\\\/en\\\/4651-2\\\/#webpage\",\"url\":\"https:\\\/\\\/www.spat.fr\\\/en\\\/4651-2\\\/\",\"name\":\"La Spat au service des exposants sur le Nautic 2017 - Groupe Spat\",\"description\":\"On parle de nous dans le magazine sp\\u00e9cialis\\u00e9 BoatIndustry ? \\\" Lorsqu'on les interroge sur la pr\\u00e9paration du salon, les exposants se f\\u00e9licitent g\\u00e9n\\u00e9ralement d'une bonne qualit\\u00e9 d'accompagnement dans la pr\\u00e9paration des stands. Avoir un interlocuteur unique et identifi\\u00e9 au sein de la Spat, sans multiplier les personnes et les factures, c'\\u00e9tait pratique\\\", explique Luc Jo\\u00ebssel\",\"inLanguage\":\"en-GB\",\"isPartOf\":{\"@id\":\"https:\\\/\\\/www.spat.fr\\\/en\\\/#website\"},\"breadcrumb\":{\"@id\":\"https:\\\/\\\/www.spat.fr\\\/en\\\/4651-2\\\/#breadcrumblist\"},\"author\":{\"@id\":\"https:\\\/\\\/www.spat.fr\\\/en\\\/author\\\/paospat-fr\\\/#author\"},\"creator\":{\"@id\":\"https:\\\/\\\/www.spat.fr\\\/en\\\/author\\\/paospat-fr\\\/#author\"},\"image\":{\"@type\":\"ImageObject\",\"url\":4652,\"@id\":\"https:\\\/\\\/www.spat.fr\\\/en\\\/4651-2\\\/#mainImage\"},\"primaryImageOfPage\":{\"@id\":\"https:\\\/\\\/www.spat.fr\\\/en\\\/4651-2\\\/#mainImage\"},\"datePublished\":\"2017-12-21T16:00:05+01:00\",\"dateModified\":\"2023-12-02T00:09:13+01:00\"},{\"@type\":\"WebSite\",\"@id\":\"https:\\\/\\\/www.spat.fr\\\/en\\\/#website\",\"url\":\"https:\\\/\\\/www.spat.fr\\\/en\\\/\",\"name\":\"Groupe Spat\",\"description\":\"Ensemble, la r\\u00e9ussite de votre \\u00e9v\\u00e9nement\",\"inLanguage\":\"en-GB\",\"publisher\":{\"@id\":\"https:\\\/\\\/www.spat.fr\\\/en\\\/#organization\"}}]}\n\t\t<\/script>\n\t\t<!-- All in One SEO -->\n\n","aioseo_head_json":{"title":"La Spat au service des exposants sur le Nautic 2017 - Groupe Spat","description":"On parle de nous dans le magazine sp\u00e9cialis\u00e9 BoatIndustry ? \" Lorsqu'on les interroge sur la pr\u00e9paration du salon, les exposants se f\u00e9licitent g\u00e9n\u00e9ralement d'une bonne qualit\u00e9 d'accompagnement dans la pr\u00e9paration des stands. Avoir un interlocuteur unique et identifi\u00e9 au sein de la Spat, sans multiplier les personnes et les factures, c'\u00e9tait pratique\", explique Luc Jo\u00ebssel","canonical_url":"https:\/\/www.spat.fr\/en\/4651-2\/","robots":"max-image-preview:large","keywords":"","webmasterTools":{"miscellaneous":""},"schema":{"@context":"https:\/\/schema.org","@graph":[{"@type":"BlogPosting","@id":"https:\/\/www.spat.fr\/en\/4651-2\/#blogposting","name":"La Spat au service des exposants sur le Nautic 2017 - Groupe Spat","headline":"La Spat au service des exposants sur le Nautic 2017","author":{"@id":"https:\/\/www.spat.fr\/en\/author\/paospat-fr\/#author"},"publisher":{"@id":"https:\/\/www.spat.fr\/en\/#organization"},"image":{"@type":"ImageObject","url":4652},"datePublished":"2017-12-21T16:00:05+01:00","dateModified":"2023-12-02T00:09:13+01:00","inLanguage":"en-GB","mainEntityOfPage":{"@id":"https:\/\/www.spat.fr\/en\/4651-2\/#webpage"},"isPartOf":{"@id":"https:\/\/www.spat.fr\/en\/4651-2\/#webpage"},"articleSection":"Actualit\u00e9s"},{"@type":"BreadcrumbList","@id":"https:\/\/www.spat.fr\/en\/4651-2\/#breadcrumblist","itemListElement":[{"@type":"ListItem","@id":"https:\/\/www.spat.fr\/en#listItem","position":1,"name":"Domicile","item":"https:\/\/www.spat.fr\/en","nextItem":{"@type":"ListItem","@id":"https:\/\/www.spat.fr\/en\/category\/acutalites\/#listItem","name":"Actualit\u00e9s"}},{"@type":"ListItem","@id":"https:\/\/www.spat.fr\/en\/category\/acutalites\/#listItem","position":2,"name":"Actualit\u00e9s","item":"https:\/\/www.spat.fr\/en\/category\/acutalites\/","nextItem":{"@type":"ListItem","@id":"https:\/\/www.spat.fr\/en\/4651-2\/#listItem","name":"La Spat au service des exposants sur le Nautic 2017"},"previousItem":{"@type":"ListItem","@id":"https:\/\/www.spat.fr\/en#listItem","name":"Domicile"}},{"@type":"ListItem","@id":"https:\/\/www.spat.fr\/en\/4651-2\/#listItem","position":3,"name":"La Spat au service des exposants sur le Nautic 2017","previousItem":{"@type":"ListItem","@id":"https:\/\/www.spat.fr\/en\/category\/acutalites\/#listItem","name":"Actualit\u00e9s"}}]},{"@type":"Organization","@id":"https:\/\/www.spat.fr\/en\/#organization","name":"Groupe Spat","description":"Ensemble, la r\u00e9ussite de votre \u00e9v\u00e9nement","url":"https:\/\/www.spat.fr\/en\/","telephone":"+33144262626","logo":{"@type":"ImageObject","url":"https:\/\/www.spat.fr\/wp-content\/uploads\/2023\/10\/Logo-SPAT-ORGA.svg","@id":"https:\/\/www.spat.fr\/en\/4651-2\/#organizationLogo","caption":"Logo Spat organisation de salon et congr\u00e8s"},"image":{"@id":"https:\/\/www.spat.fr\/en\/4651-2\/#organizationLogo"},"sameAs":["https:\/\/fr.linkedin.com\/company\/groupe-spat"]},{"@type":"Person","@id":"https:\/\/www.spat.fr\/en\/author\/paospat-fr\/#author","url":"https:\/\/www.spat.fr\/en\/author\/paospat-fr\/","name":"No\u00ebl Castagnier"},{"@type":"WebPage","@id":"https:\/\/www.spat.fr\/en\/4651-2\/#webpage","url":"https:\/\/www.spat.fr\/en\/4651-2\/","name":"La Spat au service des exposants sur le Nautic 2017 - Groupe Spat","description":"On parle de nous dans le magazine sp\u00e9cialis\u00e9 BoatIndustry ? \" Lorsqu'on les interroge sur la pr\u00e9paration du salon, les exposants se f\u00e9licitent g\u00e9n\u00e9ralement d'une bonne qualit\u00e9 d'accompagnement dans la pr\u00e9paration des stands. Avoir un interlocuteur unique et identifi\u00e9 au sein de la Spat, sans multiplier les personnes et les factures, c'\u00e9tait pratique\", explique Luc Jo\u00ebssel","inLanguage":"en-GB","isPartOf":{"@id":"https:\/\/www.spat.fr\/en\/#website"},"breadcrumb":{"@id":"https:\/\/www.spat.fr\/en\/4651-2\/#breadcrumblist"},"author":{"@id":"https:\/\/www.spat.fr\/en\/author\/paospat-fr\/#author"},"creator":{"@id":"https:\/\/www.spat.fr\/en\/author\/paospat-fr\/#author"},"image":{"@type":"ImageObject","url":4652,"@id":"https:\/\/www.spat.fr\/en\/4651-2\/#mainImage"},"primaryImageOfPage":{"@id":"https:\/\/www.spat.fr\/en\/4651-2\/#mainImage"},"datePublished":"2017-12-21T16:00:05+01:00","dateModified":"2023-12-02T00:09:13+01:00"},{"@type":"WebSite","@id":"https:\/\/www.spat.fr\/en\/#website","url":"https:\/\/www.spat.fr\/en\/","name":"Groupe Spat","description":"Ensemble, la r\u00e9ussite de votre \u00e9v\u00e9nement","inLanguage":"en-GB","publisher":{"@id":"https:\/\/www.spat.fr\/en\/#organization"}}]},"og:locale":"en_GB","og:site_name":"Groupe Spat - Ensemble, la r\u00e9ussite de votre \u00e9v\u00e9nement","og:type":"article","og:title":"La Spat au service des exposants sur le Nautic 2017 - Groupe Spat","og:description":"On parle de nous dans le magazine sp\u00e9cialis\u00e9 BoatIndustry ? &quot; Lorsqu'on les interroge sur la pr\u00e9paration du salon, les exposants se f\u00e9licitent g\u00e9n\u00e9ralement d'une bonne qualit\u00e9 d'accompagnement dans la pr\u00e9paration des stands. Avoir un interlocuteur unique et identifi\u00e9 au sein de la Spat, sans multiplier les personnes et les factures, c'\u00e9tait pratique&quot;, explique Luc Jo\u00ebssel","og:url":"https:\/\/www.spat.fr\/en\/4651-2\/","og:image":"https:\/\/www.spat.fr\/wp-content\/uploads\/2023\/11\/Logo-SPAT.svg","og:image:secure_url":"https:\/\/www.spat.fr\/wp-content\/uploads\/2023\/11\/Logo-SPAT.svg","article:published_time":"2017-12-21T15:00:05+00:00","article:modified_time":"2023-12-01T23:09:13+00:00","twitter:card":"summary_large_image","twitter:title":"La Spat au service des exposants sur le Nautic 2017 - Groupe Spat","twitter:description":"On parle de nous dans le magazine sp\u00e9cialis\u00e9 BoatIndustry ? &quot; Lorsqu'on les interroge sur la pr\u00e9paration du salon, les exposants se f\u00e9licitent g\u00e9n\u00e9ralement d'une bonne qualit\u00e9 d'accompagnement dans la pr\u00e9paration des stands. Avoir un interlocuteur unique et identifi\u00e9 au sein de la Spat, sans multiplier les personnes et les factures, c'\u00e9tait pratique&quot;, explique Luc Jo\u00ebssel","twitter:image":"https:\/\/www.spat.fr\/wp-content\/uploads\/2023\/11\/Logo-SPAT.svg"},"aioseo_meta_data":{"post_id":"4651","title":null,"description":null,"keywords":null,"keyphrases":null,"primary_term":null,"canonical_url":null,"og_title":null,"og_description":null,"og_object_type":"default","og_image_type":"default","og_image_url":null,"og_image_width":null,"og_image_height":null,"og_image_custom_url":null,"og_image_custom_fields":null,"og_video":null,"og_custom_url":null,"og_article_section":null,"og_article_tags":null,"twitter_use_og":false,"twitter_card":"default","twitter_image_type":"default","twitter_image_url":null,"twitter_image_custom_url":null,"twitter_image_custom_fields":null,"twitter_title":null,"twitter_description":null,"schema":{"blockGraphs":[],"customGraphs":[],"default":{"data":{"Article":[],"Course":[],"Dataset":[],"FAQPage":[],"Movie":[],"Person":[],"Product":[],"ProductReview":[],"Car":[],"Recipe":[],"Service":[],"SoftwareApplication":[],"WebPage":[]},"graphName":"","isEnabled":true},"graphs":[]},"schema_type":"default","schema_type_options":null,"pillar_content":false,"robots_default":true,"robots_noindex":false,"robots_noarchive":false,"robots_nosnippet":false,"robots_nofollow":false,"robots_noimageindex":false,"robots_noodp":false,"robots_notranslate":false,"robots_max_snippet":null,"robots_max_videopreview":null,"robots_max_imagepreview":"large","priority":null,"frequency":null,"local_seo":null,"breadcrumb_settings":null,"limit_modified_date":false,"ai":null,"created":"2023-12-07 14:08:31","updated":"2025-06-30 14:49:18","seo_analyzer_scan_date":null,"focus_keyword":null,"additional_keywords":null,"truseo_locale":null},"aioseo_breadcrumb":"<div class=\"aioseo-breadcrumbs\"><span class=\"aioseo-breadcrumb\">\n\t\t\t<a href=\"https:\/\/www.spat.fr\/en\" title=\"Domicile\">Domicile<\/a>\n\t\t<\/span><span class=\"aioseo-breadcrumb-separator\">&raquo;<\/span><span class=\"aioseo-breadcrumb\">\n\t\t\t<a href=\"https:\/\/www.spat.fr\/en\/category\/acutalites\/\" title=\"Actualit\u00e9s\">Actualit\u00e9s<\/a>\n\t\t<\/span><span class=\"aioseo-breadcrumb-separator\">&raquo;<\/span><span class=\"aioseo-breadcrumb\">\n\t\t\tLa Spat au service des exposants sur le Nautic 2017\n\t\t<\/span><\/div>","aioseo_breadcrumb_json":[{"label":"Domicile","link":"https:\/\/www.spat.fr\/en"},{"label":"Actualit\u00e9s","link":"https:\/\/www.spat.fr\/en\/category\/acutalites\/"},{"label":"La Spat au service des exposants sur le Nautic 2017","link":"https:\/\/www.spat.fr\/en\/4651-2\/"}],"_links":{"self":[{"href":"https:\/\/www.spat.fr\/en\/wp-json\/wp\/v2\/posts\/4651","targetHints":{"allow":["GET"]}}],"collection":[{"href":"https:\/\/www.spat.fr\/en\/wp-json\/wp\/v2\/posts"}],"about":[{"href":"https:\/\/www.spat.fr\/en\/wp-json\/wp\/v2\/types\/post"}],"author":[{"embeddable":true,"href":"https:\/\/www.spat.fr\/en\/wp-json\/wp\/v2\/users\/2"}],"replies":[{"embeddable":true,"href":"https:\/\/www.spat.fr\/en\/wp-json\/wp\/v2\/comments?post=4651"}],"version-history":[{"count":1,"href":"https:\/\/www.spat.fr\/en\/wp-json\/wp\/v2\/posts\/4651\/revisions"}],"predecessor-version":[{"id":6997,"href":"https:\/\/www.spat.fr\/en\/wp-json\/wp\/v2\/posts\/4651\/revisions\/6997"}],"wp:attachment":[{"href":"https:\/\/www.spat.fr\/en\/wp-json\/wp\/v2\/media?parent=4651"}],"wp:term":[{"taxonomy":"category","embeddable":true,"href":"https:\/\/www.spat.fr\/en\/wp-json\/wp\/v2\/categories?post=4651"},{"taxonomy":"post_tag","embeddable":true,"href":"https:\/\/www.spat.fr\/en\/wp-json\/wp\/v2\/tags?post=4651"}],"curies":[{"name":"wp","href":"https:\/\/api.w.org\/{rel}","templated":true}]}}