{"id":5900,"date":"2019-01-10T17:42:30","date_gmt":"2019-01-10T16:42:30","guid":{"rendered":"https:\/\/www.spat.fr\/?p=5900"},"modified":"2023-12-02T00:05:24","modified_gmt":"2023-12-01T23:05:24","slug":"spat-put-the-customer-first","status":"publish","type":"post","link":"https:\/\/www.spat.fr\/en\/spat-put-the-customer-first\/","title":{"rendered":"SPAT : Put the customer first !"},"content":{"rendered":"<p style=\"text-align: justify;\"><a href=\"https:\/\/www.gazette-salons.fr\/spat-put-the-customer-first\/\" target=\"_blank\" rel=\"noopener\"><img loading=\"lazy\" decoding=\"async\" class=\"alignleft\" src=\"https:\/\/www.spat.fr\/wp-content\/uploads\/2019\/01\/GROUPE-SPAT-PUT-THE-CUSTOMER-FIRST.jpg\" alt=\"\" width=\"475\" height=\"303\" \/><\/a>L&rsquo;approche du Groupe SPAT depuis quelques ann\u00e9es est d&rsquo;inverser le mod\u00e8le habituel de la relation exposants dans les salons, tout en apportant un compl\u00e9ment de r\u00e9mun\u00e9ration aux organisateurs. Le graal. A l&rsquo;occasion du dernier salon Heavent, nous avons fait une halte sur le stand du groupe SPAT. L&rsquo;occasion de faire plus ample connaissance avec l&rsquo;\u00e9quipe. M\u00e9lanie Simon, Directrice Op\u00e9rationnelle, Beno\u00eet Hubert, Directeur Technique, Fanny Brioix, Directeur de p\u00f4le, sont tous trois associ\u00e9s du Groupe fond\u00e9 par Jean-Marie Hubert il y a 40 ans.<\/p>\n<p style=\"text-align: justify;\"><a href=\"https:\/\/www.gazette-salons.fr\/spat-put-the-customer-first\/\" target=\"_blank\" rel=\"noopener\"><strong>Voir l&rsquo;article\u00a0<\/strong><\/a><\/p>\n<p style=\"text-align: justify;\">Le Groupe SPAT est \u00e0 l\u2019honneur sur La Gazette des Salons, Le site d\u2019actualit\u00e9 des foires et salons en France. Merci pour cet article !<\/p>\n<p>&nbsp;<\/p>\n<p><iframe loading=\"lazy\" src=\"\/\/www.youtube.com\/embed\/OPdvUfCRCcc?list=PLksKO122XEFr_YnerVEijzzrhNJd_ZYyO\" width=\"600\" height=\"337\" allowfullscreen=\"allowfullscreen\"><\/iframe><\/p>\n<p>&nbsp;<\/p>","protected":false},"excerpt":{"rendered":"<p>L&rsquo;approche du Groupe SPAT depuis quelques ann\u00e9es est d&rsquo;inverser le mod\u00e8le habituel de la relation exposants dans les salons, tout en apportant un compl\u00e9ment de r\u00e9mun\u00e9ration aux organisateurs. Le graal. A l&rsquo;occasion du dernier salon Heavent, nous avons fait une halte sur le stand du groupe SPAT. L&rsquo;occasion de faire plus ample connaissance avec l&rsquo;\u00e9quipe. [&hellip;]<\/p>\n","protected":false},"author":2,"featured_media":5919,"comment_status":"closed","ping_status":"closed","sticky":false,"template":"","format":"standard","meta":{"_acf_changed":false,"footnotes":""},"categories":[8],"tags":[],"class_list":["post-5900","post","type-post","status-publish","format-standard","has-post-thumbnail","hentry","category-acutalites"],"acf":[],"aioseo_notices":[],"_links":{"self":[{"href":"https:\/\/www.spat.fr\/en\/wp-json\/wp\/v2\/posts\/5900","targetHints":{"allow":["GET"]}}],"collection":[{"href":"https:\/\/www.spat.fr\/en\/wp-json\/wp\/v2\/posts"}],"about":[{"href":"https:\/\/www.spat.fr\/en\/wp-json\/wp\/v2\/types\/post"}],"author":[{"embeddable":true,"href":"https:\/\/www.spat.fr\/en\/wp-json\/wp\/v2\/users\/2"}],"replies":[{"embeddable":true,"href":"https:\/\/www.spat.fr\/en\/wp-json\/wp\/v2\/comments?post=5900"}],"version-history":[{"count":1,"href":"https:\/\/www.spat.fr\/en\/wp-json\/wp\/v2\/posts\/5900\/revisions"}],"predecessor-version":[{"id":6959,"href":"https:\/\/www.spat.fr\/en\/wp-json\/wp\/v2\/posts\/5900\/revisions\/6959"}],"wp:featuredmedia":[{"embeddable":true,"href":"https:\/\/www.spat.fr\/en\/wp-json\/"}],"wp:attachment":[{"href":"https:\/\/www.spat.fr\/en\/wp-json\/wp\/v2\/media?parent=5900"}],"wp:term":[{"taxonomy":"category","embeddable":true,"href":"https:\/\/www.spat.fr\/en\/wp-json\/wp\/v2\/categories?post=5900"},{"taxonomy":"post_tag","embeddable":true,"href":"https:\/\/www.spat.fr\/en\/wp-json\/wp\/v2\/tags?post=5900"}],"curies":[{"name":"wp","href":"https:\/\/api.w.org\/{rel}","templated":true}]}}