{"id":5929,"date":"2019-01-25T12:24:39","date_gmt":"2019-01-25T11:24:39","guid":{"rendered":"https:\/\/www.spat.fr\/?p=5929"},"modified":"2023-12-02T00:05:19","modified_gmt":"2023-12-01T23:05:19","slug":"spat-un-accompagnement-sur-mesure-pour-postbac-2019","status":"publish","type":"post","link":"https:\/\/www.spat.fr\/en\/spat-un-accompagnement-sur-mesure-pour-postbac-2019\/","title":{"rendered":"SPAT un accompagnement sur mesure pour POSTBAC 2019"},"content":{"rendered":"<p style=\"text-align: justify;\">Avec Postbac 2019 nous partageons une devise :\u00a0\u00ab l\u2019accompagnement sur mesure \u00bb, eux pour les futurs bacheliers, nous pour leur salon.<\/p>\n<p style=\"text-align: justify;\"><iframe loading=\"lazy\" src=\"\/\/www.youtube.com\/embed\/uofISaBeB5E\" width=\"600\" height=\"336\" allowfullscreen=\"allowfullscreen\"><\/iframe><\/p>\n<p style=\"text-align: justify;\">La Spat c\u2019est un accompagnement sur mesure pour les organisateurs. La preuve sur le Salon Post Bac o\u00f9 nous \u00e9tions pr\u00e9sents en tant que responsable de la R\u00e9gie technique et Logique, ainsi que responsable du service exposant.<\/p>","protected":false},"excerpt":{"rendered":"<p>Avec Postbac 2019 nous partageons une devise :\u00a0\u00ab l\u2019accompagnement sur mesure \u00bb, eux pour les futurs bacheliers, nous pour leur salon. La Spat c\u2019est un accompagnement sur mesure pour les organisateurs. La preuve sur le Salon Post Bac o\u00f9 nous \u00e9tions pr\u00e9sents en tant que responsable de la R\u00e9gie technique et Logique, ainsi que responsable [&hellip;]<\/p>\n","protected":false},"author":2,"featured_media":5930,"comment_status":"closed","ping_status":"closed","sticky":false,"template":"","format":"standard","meta":{"_acf_changed":false,"footnotes":""},"categories":[8],"tags":[],"class_list":["post-5929","post","type-post","status-publish","format-standard","has-post-thumbnail","hentry","category-acutalites"],"acf":[],"aioseo_notices":[],"aioseo_head":"\n\t\t<!-- All in One SEO 5.0.1.1 - aioseo.com -->\n\t<meta name=\"description\" content=\"Avec Postbac 2019 nous partageons une devise : \u00ab l\u2019accompagnement sur mesure \u00bb, eux pour les futurs bacheliers, nous pour leur salon. La Spat c\u2019est un accompagnement sur mesure pour les organisateurs. La preuve sur le Salon Post Bac o\u00f9 nous \u00e9tions pr\u00e9sents en tant que responsable de la R\u00e9gie technique et Logique, ainsi que responsable\" \/>\n\t<meta name=\"robots\" content=\"max-image-preview:large\" \/>\n\t<meta name=\"author\" content=\"No\u00ebl Castagnier\"\/>\n\t<link rel=\"canonical\" href=\"https:\/\/www.spat.fr\/en\/spat-un-accompagnement-sur-mesure-pour-postbac-2019\/\" \/>\n\t<meta name=\"generator\" content=\"All in One SEO (AIOSEO) 5.0.1.1\" \/>\n\t\t<meta property=\"og:locale\" content=\"en_GB\" \/>\n\t\t<meta property=\"og:site_name\" content=\"Groupe Spat - Ensemble, la r\u00e9ussite de votre \u00e9v\u00e9nement\" \/>\n\t\t<meta property=\"og:type\" content=\"article\" \/>\n\t\t<meta property=\"og:title\" content=\"SPAT un accompagnement sur mesure pour POSTBAC 2019 - Groupe Spat\" \/>\n\t\t<meta property=\"og:description\" content=\"Avec Postbac 2019 nous partageons une devise : \u00ab l\u2019accompagnement sur mesure \u00bb, eux pour les futurs bacheliers, nous pour leur salon. La Spat c\u2019est un accompagnement sur mesure pour les organisateurs. La preuve sur le Salon Post Bac o\u00f9 nous \u00e9tions pr\u00e9sents en tant que responsable de la R\u00e9gie technique et Logique, ainsi que responsable\" \/>\n\t\t<meta property=\"og:url\" content=\"https:\/\/www.spat.fr\/en\/spat-un-accompagnement-sur-mesure-pour-postbac-2019\/\" \/>\n\t\t<meta property=\"og:image\" content=\"https:\/\/www.spat.fr\/wp-content\/uploads\/2023\/11\/Logo-SPAT.svg\" \/>\n\t\t<meta property=\"og:image:secure_url\" content=\"https:\/\/www.spat.fr\/wp-content\/uploads\/2023\/11\/Logo-SPAT.svg\" \/>\n\t\t<meta property=\"article:published_time\" content=\"2019-01-25T11:24:39+00:00\" \/>\n\t\t<meta property=\"article:modified_time\" content=\"2023-12-01T23:05:19+00:00\" \/>\n\t\t<meta name=\"twitter:card\" content=\"summary_large_image\" \/>\n\t\t<meta name=\"twitter:title\" content=\"SPAT un accompagnement sur mesure pour POSTBAC 2019 - Groupe Spat\" \/>\n\t\t<meta name=\"twitter:description\" content=\"Avec Postbac 2019 nous partageons une devise : \u00ab l\u2019accompagnement sur mesure \u00bb, eux pour les futurs bacheliers, nous pour leur salon. La Spat c\u2019est un accompagnement sur mesure pour les organisateurs. La preuve sur le Salon Post Bac o\u00f9 nous \u00e9tions pr\u00e9sents en tant que responsable de la R\u00e9gie technique et Logique, ainsi que responsable\" \/>\n\t\t<meta name=\"twitter:image\" content=\"https:\/\/www.spat.fr\/wp-content\/uploads\/2023\/11\/Logo-SPAT.svg\" \/>\n\t\t<script type=\"application\/ld+json\" class=\"aioseo-schema\">\n\t\t\t{\"@context\":\"https:\\\/\\\/schema.org\",\"@graph\":[{\"@type\":\"BlogPosting\",\"@id\":\"https:\\\/\\\/www.spat.fr\\\/en\\\/spat-un-accompagnement-sur-mesure-pour-postbac-2019\\\/#blogposting\",\"name\":\"SPAT un accompagnement sur mesure pour POSTBAC 2019 - Groupe Spat\",\"headline\":\"SPAT un accompagnement sur mesure pour POSTBAC 2019\",\"author\":{\"@id\":\"https:\\\/\\\/www.spat.fr\\\/en\\\/author\\\/paospat-fr\\\/#author\"},\"publisher\":{\"@id\":\"https:\\\/\\\/www.spat.fr\\\/en\\\/#organization\"},\"image\":{\"@type\":\"ImageObject\",\"url\":5930},\"datePublished\":\"2019-01-25T12:24:39+01:00\",\"dateModified\":\"2023-12-02T00:05:19+01:00\",\"inLanguage\":\"en-GB\",\"mainEntityOfPage\":{\"@id\":\"https:\\\/\\\/www.spat.fr\\\/en\\\/spat-un-accompagnement-sur-mesure-pour-postbac-2019\\\/#webpage\"},\"isPartOf\":{\"@id\":\"https:\\\/\\\/www.spat.fr\\\/en\\\/spat-un-accompagnement-sur-mesure-pour-postbac-2019\\\/#webpage\"},\"articleSection\":\"Actualit\\u00e9s\"},{\"@type\":\"BreadcrumbList\",\"@id\":\"https:\\\/\\\/www.spat.fr\\\/en\\\/spat-un-accompagnement-sur-mesure-pour-postbac-2019\\\/#breadcrumblist\",\"itemListElement\":[{\"@type\":\"ListItem\",\"@id\":\"https:\\\/\\\/www.spat.fr\\\/en#listItem\",\"position\":1,\"name\":\"Domicile\",\"item\":\"https:\\\/\\\/www.spat.fr\\\/en\",\"nextItem\":{\"@type\":\"ListItem\",\"@id\":\"https:\\\/\\\/www.spat.fr\\\/en\\\/category\\\/acutalites\\\/#listItem\",\"name\":\"Actualit\\u00e9s\"}},{\"@type\":\"ListItem\",\"@id\":\"https:\\\/\\\/www.spat.fr\\\/en\\\/category\\\/acutalites\\\/#listItem\",\"position\":2,\"name\":\"Actualit\\u00e9s\",\"item\":\"https:\\\/\\\/www.spat.fr\\\/en\\\/category\\\/acutalites\\\/\",\"nextItem\":{\"@type\":\"ListItem\",\"@id\":\"https:\\\/\\\/www.spat.fr\\\/en\\\/spat-un-accompagnement-sur-mesure-pour-postbac-2019\\\/#listItem\",\"name\":\"SPAT un accompagnement sur mesure pour POSTBAC 2019\"},\"previousItem\":{\"@type\":\"ListItem\",\"@id\":\"https:\\\/\\\/www.spat.fr\\\/en#listItem\",\"name\":\"Domicile\"}},{\"@type\":\"ListItem\",\"@id\":\"https:\\\/\\\/www.spat.fr\\\/en\\\/spat-un-accompagnement-sur-mesure-pour-postbac-2019\\\/#listItem\",\"position\":3,\"name\":\"SPAT un accompagnement sur mesure pour POSTBAC 2019\",\"previousItem\":{\"@type\":\"ListItem\",\"@id\":\"https:\\\/\\\/www.spat.fr\\\/en\\\/category\\\/acutalites\\\/#listItem\",\"name\":\"Actualit\\u00e9s\"}}]},{\"@type\":\"Organization\",\"@id\":\"https:\\\/\\\/www.spat.fr\\\/en\\\/#organization\",\"name\":\"Groupe Spat\",\"description\":\"Ensemble, la r\\u00e9ussite de votre \\u00e9v\\u00e9nement\",\"url\":\"https:\\\/\\\/www.spat.fr\\\/en\\\/\",\"telephone\":\"+33144262626\",\"logo\":{\"@type\":\"ImageObject\",\"url\":\"https:\\\/\\\/www.spat.fr\\\/wp-content\\\/uploads\\\/2023\\\/10\\\/Logo-SPAT-ORGA.svg\",\"@id\":\"https:\\\/\\\/www.spat.fr\\\/en\\\/spat-un-accompagnement-sur-mesure-pour-postbac-2019\\\/#organizationLogo\",\"caption\":\"Logo Spat organisation de salon et congr\\u00e8s\"},\"image\":{\"@id\":\"https:\\\/\\\/www.spat.fr\\\/en\\\/spat-un-accompagnement-sur-mesure-pour-postbac-2019\\\/#organizationLogo\"},\"sameAs\":[\"https:\\\/\\\/fr.linkedin.com\\\/company\\\/groupe-spat\"]},{\"@type\":\"Person\",\"@id\":\"https:\\\/\\\/www.spat.fr\\\/en\\\/author\\\/paospat-fr\\\/#author\",\"url\":\"https:\\\/\\\/www.spat.fr\\\/en\\\/author\\\/paospat-fr\\\/\",\"name\":\"No\\u00ebl Castagnier\"},{\"@type\":\"WebPage\",\"@id\":\"https:\\\/\\\/www.spat.fr\\\/en\\\/spat-un-accompagnement-sur-mesure-pour-postbac-2019\\\/#webpage\",\"url\":\"https:\\\/\\\/www.spat.fr\\\/en\\\/spat-un-accompagnement-sur-mesure-pour-postbac-2019\\\/\",\"name\":\"SPAT un accompagnement sur mesure pour POSTBAC 2019 - Groupe Spat\",\"description\":\"Avec Postbac 2019 nous partageons une devise : \\u00ab l\\u2019accompagnement sur mesure \\u00bb, eux pour les futurs bacheliers, nous pour leur salon. La Spat c\\u2019est un accompagnement sur mesure pour les organisateurs. La preuve sur le Salon Post Bac o\\u00f9 nous \\u00e9tions pr\\u00e9sents en tant que responsable de la R\\u00e9gie technique et Logique, ainsi que responsable\",\"inLanguage\":\"en-GB\",\"isPartOf\":{\"@id\":\"https:\\\/\\\/www.spat.fr\\\/en\\\/#website\"},\"breadcrumb\":{\"@id\":\"https:\\\/\\\/www.spat.fr\\\/en\\\/spat-un-accompagnement-sur-mesure-pour-postbac-2019\\\/#breadcrumblist\"},\"author\":{\"@id\":\"https:\\\/\\\/www.spat.fr\\\/en\\\/author\\\/paospat-fr\\\/#author\"},\"creator\":{\"@id\":\"https:\\\/\\\/www.spat.fr\\\/en\\\/author\\\/paospat-fr\\\/#author\"},\"image\":{\"@type\":\"ImageObject\",\"url\":5930,\"@id\":\"https:\\\/\\\/www.spat.fr\\\/en\\\/spat-un-accompagnement-sur-mesure-pour-postbac-2019\\\/#mainImage\"},\"primaryImageOfPage\":{\"@id\":\"https:\\\/\\\/www.spat.fr\\\/en\\\/spat-un-accompagnement-sur-mesure-pour-postbac-2019\\\/#mainImage\"},\"datePublished\":\"2019-01-25T12:24:39+01:00\",\"dateModified\":\"2023-12-02T00:05:19+01:00\"},{\"@type\":\"WebSite\",\"@id\":\"https:\\\/\\\/www.spat.fr\\\/en\\\/#website\",\"url\":\"https:\\\/\\\/www.spat.fr\\\/en\\\/\",\"name\":\"Groupe Spat\",\"description\":\"Ensemble, la r\\u00e9ussite de votre \\u00e9v\\u00e9nement\",\"inLanguage\":\"en-GB\",\"publisher\":{\"@id\":\"https:\\\/\\\/www.spat.fr\\\/en\\\/#organization\"}}]}\n\t\t<\/script>\n\t\t<!-- All in One SEO -->\n\n","aioseo_head_json":{"title":"SPAT un accompagnement sur mesure pour POSTBAC 2019 - Groupe Spat","description":"Avec Postbac 2019 nous partageons une devise : \u00ab l\u2019accompagnement sur mesure \u00bb, eux pour les futurs bacheliers, nous pour leur salon. La Spat c\u2019est un accompagnement sur mesure pour les organisateurs. La preuve sur le Salon Post Bac o\u00f9 nous \u00e9tions pr\u00e9sents en tant que responsable de la R\u00e9gie technique et Logique, ainsi que responsable","canonical_url":"https:\/\/www.spat.fr\/en\/spat-un-accompagnement-sur-mesure-pour-postbac-2019\/","robots":"max-image-preview:large","keywords":"","webmasterTools":{"miscellaneous":""},"schema":{"@context":"https:\/\/schema.org","@graph":[{"@type":"BlogPosting","@id":"https:\/\/www.spat.fr\/en\/spat-un-accompagnement-sur-mesure-pour-postbac-2019\/#blogposting","name":"SPAT un accompagnement sur mesure pour POSTBAC 2019 - Groupe Spat","headline":"SPAT un accompagnement sur mesure pour POSTBAC 2019","author":{"@id":"https:\/\/www.spat.fr\/en\/author\/paospat-fr\/#author"},"publisher":{"@id":"https:\/\/www.spat.fr\/en\/#organization"},"image":{"@type":"ImageObject","url":5930},"datePublished":"2019-01-25T12:24:39+01:00","dateModified":"2023-12-02T00:05:19+01:00","inLanguage":"en-GB","mainEntityOfPage":{"@id":"https:\/\/www.spat.fr\/en\/spat-un-accompagnement-sur-mesure-pour-postbac-2019\/#webpage"},"isPartOf":{"@id":"https:\/\/www.spat.fr\/en\/spat-un-accompagnement-sur-mesure-pour-postbac-2019\/#webpage"},"articleSection":"Actualit\u00e9s"},{"@type":"BreadcrumbList","@id":"https:\/\/www.spat.fr\/en\/spat-un-accompagnement-sur-mesure-pour-postbac-2019\/#breadcrumblist","itemListElement":[{"@type":"ListItem","@id":"https:\/\/www.spat.fr\/en#listItem","position":1,"name":"Domicile","item":"https:\/\/www.spat.fr\/en","nextItem":{"@type":"ListItem","@id":"https:\/\/www.spat.fr\/en\/category\/acutalites\/#listItem","name":"Actualit\u00e9s"}},{"@type":"ListItem","@id":"https:\/\/www.spat.fr\/en\/category\/acutalites\/#listItem","position":2,"name":"Actualit\u00e9s","item":"https:\/\/www.spat.fr\/en\/category\/acutalites\/","nextItem":{"@type":"ListItem","@id":"https:\/\/www.spat.fr\/en\/spat-un-accompagnement-sur-mesure-pour-postbac-2019\/#listItem","name":"SPAT un accompagnement sur mesure pour POSTBAC 2019"},"previousItem":{"@type":"ListItem","@id":"https:\/\/www.spat.fr\/en#listItem","name":"Domicile"}},{"@type":"ListItem","@id":"https:\/\/www.spat.fr\/en\/spat-un-accompagnement-sur-mesure-pour-postbac-2019\/#listItem","position":3,"name":"SPAT un accompagnement sur mesure pour POSTBAC 2019","previousItem":{"@type":"ListItem","@id":"https:\/\/www.spat.fr\/en\/category\/acutalites\/#listItem","name":"Actualit\u00e9s"}}]},{"@type":"Organization","@id":"https:\/\/www.spat.fr\/en\/#organization","name":"Groupe Spat","description":"Ensemble, la r\u00e9ussite de votre \u00e9v\u00e9nement","url":"https:\/\/www.spat.fr\/en\/","telephone":"+33144262626","logo":{"@type":"ImageObject","url":"https:\/\/www.spat.fr\/wp-content\/uploads\/2023\/10\/Logo-SPAT-ORGA.svg","@id":"https:\/\/www.spat.fr\/en\/spat-un-accompagnement-sur-mesure-pour-postbac-2019\/#organizationLogo","caption":"Logo Spat organisation de salon et congr\u00e8s"},"image":{"@id":"https:\/\/www.spat.fr\/en\/spat-un-accompagnement-sur-mesure-pour-postbac-2019\/#organizationLogo"},"sameAs":["https:\/\/fr.linkedin.com\/company\/groupe-spat"]},{"@type":"Person","@id":"https:\/\/www.spat.fr\/en\/author\/paospat-fr\/#author","url":"https:\/\/www.spat.fr\/en\/author\/paospat-fr\/","name":"No\u00ebl Castagnier"},{"@type":"WebPage","@id":"https:\/\/www.spat.fr\/en\/spat-un-accompagnement-sur-mesure-pour-postbac-2019\/#webpage","url":"https:\/\/www.spat.fr\/en\/spat-un-accompagnement-sur-mesure-pour-postbac-2019\/","name":"SPAT un accompagnement sur mesure pour POSTBAC 2019 - Groupe Spat","description":"Avec Postbac 2019 nous partageons une devise : \u00ab l\u2019accompagnement sur mesure \u00bb, eux pour les futurs bacheliers, nous pour leur salon. La Spat c\u2019est un accompagnement sur mesure pour les organisateurs. La preuve sur le Salon Post Bac o\u00f9 nous \u00e9tions pr\u00e9sents en tant que responsable de la R\u00e9gie technique et Logique, ainsi que responsable","inLanguage":"en-GB","isPartOf":{"@id":"https:\/\/www.spat.fr\/en\/#website"},"breadcrumb":{"@id":"https:\/\/www.spat.fr\/en\/spat-un-accompagnement-sur-mesure-pour-postbac-2019\/#breadcrumblist"},"author":{"@id":"https:\/\/www.spat.fr\/en\/author\/paospat-fr\/#author"},"creator":{"@id":"https:\/\/www.spat.fr\/en\/author\/paospat-fr\/#author"},"image":{"@type":"ImageObject","url":5930,"@id":"https:\/\/www.spat.fr\/en\/spat-un-accompagnement-sur-mesure-pour-postbac-2019\/#mainImage"},"primaryImageOfPage":{"@id":"https:\/\/www.spat.fr\/en\/spat-un-accompagnement-sur-mesure-pour-postbac-2019\/#mainImage"},"datePublished":"2019-01-25T12:24:39+01:00","dateModified":"2023-12-02T00:05:19+01:00"},{"@type":"WebSite","@id":"https:\/\/www.spat.fr\/en\/#website","url":"https:\/\/www.spat.fr\/en\/","name":"Groupe Spat","description":"Ensemble, la r\u00e9ussite de votre \u00e9v\u00e9nement","inLanguage":"en-GB","publisher":{"@id":"https:\/\/www.spat.fr\/en\/#organization"}}]},"og:locale":"en_GB","og:site_name":"Groupe Spat - Ensemble, la r\u00e9ussite de votre \u00e9v\u00e9nement","og:type":"article","og:title":"SPAT un accompagnement sur mesure pour POSTBAC 2019 - Groupe Spat","og:description":"Avec Postbac 2019 nous partageons une devise : \u00ab l\u2019accompagnement sur mesure \u00bb, eux pour les futurs bacheliers, nous pour leur salon. La Spat c\u2019est un accompagnement sur mesure pour les organisateurs. La preuve sur le Salon Post Bac o\u00f9 nous \u00e9tions pr\u00e9sents en tant que responsable de la R\u00e9gie technique et Logique, ainsi que responsable","og:url":"https:\/\/www.spat.fr\/en\/spat-un-accompagnement-sur-mesure-pour-postbac-2019\/","og:image":"https:\/\/www.spat.fr\/wp-content\/uploads\/2023\/11\/Logo-SPAT.svg","og:image:secure_url":"https:\/\/www.spat.fr\/wp-content\/uploads\/2023\/11\/Logo-SPAT.svg","article:published_time":"2019-01-25T11:24:39+00:00","article:modified_time":"2023-12-01T23:05:19+00:00","twitter:card":"summary_large_image","twitter:title":"SPAT un accompagnement sur mesure pour POSTBAC 2019 - Groupe Spat","twitter:description":"Avec Postbac 2019 nous partageons une devise : \u00ab l\u2019accompagnement sur mesure \u00bb, eux pour les futurs bacheliers, nous pour leur salon. La Spat c\u2019est un accompagnement sur mesure pour les organisateurs. La preuve sur le Salon Post Bac o\u00f9 nous \u00e9tions pr\u00e9sents en tant que responsable de la R\u00e9gie technique et Logique, ainsi que responsable","twitter:image":"https:\/\/www.spat.fr\/wp-content\/uploads\/2023\/11\/Logo-SPAT.svg"},"aioseo_meta_data":{"post_id":"5929","title":null,"description":null,"keywords":null,"keyphrases":null,"primary_term":null,"canonical_url":null,"og_title":null,"og_description":null,"og_object_type":"default","og_image_type":"default","og_image_url":null,"og_image_width":null,"og_image_height":null,"og_image_custom_url":null,"og_image_custom_fields":null,"og_video":null,"og_custom_url":null,"og_article_section":null,"og_article_tags":null,"twitter_use_og":false,"twitter_card":"default","twitter_image_type":"default","twitter_image_url":null,"twitter_image_custom_url":null,"twitter_image_custom_fields":null,"twitter_title":null,"twitter_description":null,"schema":{"blockGraphs":[],"customGraphs":[],"default":{"data":{"Article":[],"Course":[],"Dataset":[],"FAQPage":[],"Movie":[],"Person":[],"Product":[],"ProductReview":[],"Car":[],"Recipe":[],"Service":[],"SoftwareApplication":[],"WebPage":[]},"graphName":"","isEnabled":true},"graphs":[]},"schema_type":"default","schema_type_options":null,"pillar_content":false,"robots_default":true,"robots_noindex":false,"robots_noarchive":false,"robots_nosnippet":false,"robots_nofollow":false,"robots_noimageindex":false,"robots_noodp":false,"robots_notranslate":false,"robots_max_snippet":null,"robots_max_videopreview":null,"robots_max_imagepreview":"large","priority":null,"frequency":null,"local_seo":null,"breadcrumb_settings":null,"limit_modified_date":false,"ai":null,"created":"2023-12-07 14:14:29","updated":"2025-06-30 14:59:21","seo_analyzer_scan_date":null,"focus_keyword":null,"additional_keywords":null,"truseo_locale":null},"aioseo_breadcrumb":"<div class=\"aioseo-breadcrumbs\"><span class=\"aioseo-breadcrumb\">\n\t\t\t<a href=\"https:\/\/www.spat.fr\/en\" title=\"Domicile\">Domicile<\/a>\n\t\t<\/span><span class=\"aioseo-breadcrumb-separator\">&raquo;<\/span><span class=\"aioseo-breadcrumb\">\n\t\t\t<a href=\"https:\/\/www.spat.fr\/en\/category\/acutalites\/\" title=\"Actualit\u00e9s\">Actualit\u00e9s<\/a>\n\t\t<\/span><span class=\"aioseo-breadcrumb-separator\">&raquo;<\/span><span class=\"aioseo-breadcrumb\">\n\t\t\tSPAT un accompagnement sur mesure pour POSTBAC 2019\n\t\t<\/span><\/div>","aioseo_breadcrumb_json":[{"label":"Domicile","link":"https:\/\/www.spat.fr\/en"},{"label":"Actualit\u00e9s","link":"https:\/\/www.spat.fr\/en\/category\/acutalites\/"},{"label":"SPAT un accompagnement sur mesure pour POSTBAC 2019","link":"https:\/\/www.spat.fr\/en\/spat-un-accompagnement-sur-mesure-pour-postbac-2019\/"}],"_links":{"self":[{"href":"https:\/\/www.spat.fr\/en\/wp-json\/wp\/v2\/posts\/5929","targetHints":{"allow":["GET"]}}],"collection":[{"href":"https:\/\/www.spat.fr\/en\/wp-json\/wp\/v2\/posts"}],"about":[{"href":"https:\/\/www.spat.fr\/en\/wp-json\/wp\/v2\/types\/post"}],"author":[{"embeddable":true,"href":"https:\/\/www.spat.fr\/en\/wp-json\/wp\/v2\/users\/2"}],"replies":[{"embeddable":true,"href":"https:\/\/www.spat.fr\/en\/wp-json\/wp\/v2\/comments?post=5929"}],"version-history":[{"count":1,"href":"https:\/\/www.spat.fr\/en\/wp-json\/wp\/v2\/posts\/5929\/revisions"}],"predecessor-version":[{"id":6958,"href":"https:\/\/www.spat.fr\/en\/wp-json\/wp\/v2\/posts\/5929\/revisions\/6958"}],"wp:attachment":[{"href":"https:\/\/www.spat.fr\/en\/wp-json\/wp\/v2\/media?parent=5929"}],"wp:term":[{"taxonomy":"category","embeddable":true,"href":"https:\/\/www.spat.fr\/en\/wp-json\/wp\/v2\/categories?post=5929"},{"taxonomy":"post_tag","embeddable":true,"href":"https:\/\/www.spat.fr\/en\/wp-json\/wp\/v2\/tags?post=5929"}],"curies":[{"name":"wp","href":"https:\/\/api.w.org\/{rel}","templated":true}]}}