{"id":5974,"date":"2019-05-28T12:17:01","date_gmt":"2019-05-28T10:17:01","guid":{"rendered":"https:\/\/www.spat.fr\/?p=5974"},"modified":"2023-12-02T00:05:03","modified_gmt":"2023-12-01T23:05:03","slug":"le-nautic-de-paris-sengage-pour-une-nouvelle-duree-de-3-ans-aux-cotes-de-spat","status":"publish","type":"post","link":"https:\/\/www.spat.fr\/en\/le-nautic-de-paris-sengage-pour-une-nouvelle-duree-de-3-ans-aux-cotes-de-spat\/","title":{"rendered":"Le NAUTIC de Paris s\u2019engage pour une nouvelle dur\u00e9e de 3 ans aux c\u00f4t\u00e9s de SPAT"},"content":{"rendered":"<p class=\"p1\"><a href=\"https:\/\/www.spat.fr\/wp-content\/uploads\/2019\/05\/Img-salons-60\" target=\"_blank\" rel=\"noopener\"><img loading=\"lazy\" decoding=\"async\" class=\"alignleft\" src=\"https:\/\/www.spat.fr\/wp-content\/uploads\/2019\/05\/Img-salons-600x1210.jpg\" alt=\"\" width=\"356\" height=\"718\" \/><\/a>Le NAUTIC de Paris s\u2019engage pour une nouvelle dur\u00e9e de 3 ans aux c\u00f4t\u00e9s de SPAT. Le pitch ? Z\u00e9ro d\u00e9faut dans le service \u00e0 l\u2019organisateur et aux exposants, et une \u00e9conomie globale am\u00e9lior\u00e9e.<\/p>\n<p class=\"p1\">Comme pour une cinquantaine d\u2019autres organisateurs, les solutions de gestion exposants, plateformes, applications ainsi que r\u00e9gie technique et logistique, ont plac\u00e9 le service au plus haut niveau des attentes des organisateurs et de leurs exposants.<\/p>\n<p class=\"p1\"><a href=\"https:\/\/www.spat.fr\/wp-content\/uploads\/2019\/05\/Le-NAUTIC-de-Paris-s\u2019engage-3-ans-aux-co\u0302te\u0301s-de-SPAT.pdf\" target=\"_blank\" rel=\"noopener\">Voir l\u2019article<\/a><\/p>","protected":false},"excerpt":{"rendered":"<p>Le NAUTIC de Paris s\u2019engage pour une nouvelle dur\u00e9e de 3 ans aux c\u00f4t\u00e9s de SPAT. Le pitch ? Z\u00e9ro d\u00e9faut dans le service \u00e0 l\u2019organisateur et aux exposants, et une \u00e9conomie globale am\u00e9lior\u00e9e. Comme pour une cinquantaine d\u2019autres organisateurs, les solutions de gestion exposants, plateformes, applications ainsi que r\u00e9gie technique et logistique, ont plac\u00e9 [&hellip;]<\/p>\n","protected":false},"author":2,"featured_media":5977,"comment_status":"closed","ping_status":"closed","sticky":false,"template":"","format":"standard","meta":{"_acf_changed":false,"footnotes":""},"categories":[8],"tags":[],"class_list":["post-5974","post","type-post","status-publish","format-standard","has-post-thumbnail","hentry","category-acutalites"],"acf":[],"aioseo_notices":[],"_links":{"self":[{"href":"https:\/\/www.spat.fr\/en\/wp-json\/wp\/v2\/posts\/5974","targetHints":{"allow":["GET"]}}],"collection":[{"href":"https:\/\/www.spat.fr\/en\/wp-json\/wp\/v2\/posts"}],"about":[{"href":"https:\/\/www.spat.fr\/en\/wp-json\/wp\/v2\/types\/post"}],"author":[{"embeddable":true,"href":"https:\/\/www.spat.fr\/en\/wp-json\/wp\/v2\/users\/2"}],"replies":[{"embeddable":true,"href":"https:\/\/www.spat.fr\/en\/wp-json\/wp\/v2\/comments?post=5974"}],"version-history":[{"count":1,"href":"https:\/\/www.spat.fr\/en\/wp-json\/wp\/v2\/posts\/5974\/revisions"}],"predecessor-version":[{"id":6955,"href":"https:\/\/www.spat.fr\/en\/wp-json\/wp\/v2\/posts\/5974\/revisions\/6955"}],"wp:featuredmedia":[{"embeddable":true,"href":"https:\/\/www.spat.fr\/en\/wp-json\/"}],"wp:attachment":[{"href":"https:\/\/www.spat.fr\/en\/wp-json\/wp\/v2\/media?parent=5974"}],"wp:term":[{"taxonomy":"category","embeddable":true,"href":"https:\/\/www.spat.fr\/en\/wp-json\/wp\/v2\/categories?post=5974"},{"taxonomy":"post_tag","embeddable":true,"href":"https:\/\/www.spat.fr\/en\/wp-json\/wp\/v2\/tags?post=5974"}],"curies":[{"name":"wp","href":"https:\/\/api.w.org\/{rel}","templated":true}]}}